{"id":1031,"date":"2025-01-21T14:51:34","date_gmt":"2025-01-21T14:51:34","guid":{"rendered":"https:\/\/cuisinesomega.fr\/tendances\/?p=1031"},"modified":"2025-01-21T14:51:35","modified_gmt":"2025-01-21T14:51:35","slug":"salle-bain-mediterraneenne","status":"publish","type":"post","link":"https:\/\/cuisinesomega.fr\/tendances\/salle-bain-mediterraneenne","title":{"rendered":"Salle de bain m\u00e9diterran\u00e9enne : cr\u00e9ez votre oasis de d\u00e9tente chez vous"},"content":{"rendered":"\n<p>Le style m\u00e9diterran\u00e9en, c\u2019est un souffle de vacances qui traverse votre int\u00e9rieur, une ambiance chaleureuse et lumineuse inspir\u00e9e des paysages baign\u00e9s de soleil. Cr\u00e9er une salle de bain dans cet esprit, c\u2019est offrir \u00e0 votre quotidien une parenth\u00e8se o\u00f9 le calme et l\u2019\u00e9l\u00e9gance s\u2019entrelacent.&nbsp; Quels choix de mat\u00e9riaux, de couleurs et de mobilier permettent de recr\u00e9er cette ambiance apaisante ? Voici un guide pour concevoir un espace o\u00f9 chaque d\u00e9tail \u00e9voque la M\u00e9diterran\u00e9e.<\/p>\n\n\n\n<div style=\"height:20px\" aria-hidden=\"true\" class=\"wp-block-spacer\"><\/div>\n\n\n\n<h2 class=\"wp-block-heading\">Comment d\u00e9finir le style m\u00e9diterran\u00e9en ?<\/h2>\n\n\n\n<p>Le style m\u00e9diterran\u00e9en, c\u2019est une invitation au voyage. Ce style s\u2019inspire des paysages ensoleill\u00e9s de la <strong>Provence, de la Toscane ou des \u00eeles grecques<\/strong>. C\u2019est un \u00e9quilibre parfait entre l\u2019\u00e9l\u00e9gance d\u2019une villa italienne et l\u2019authenticit\u00e9 des maisons blanchies \u00e0 la chaux d\u2019un village grec.&nbsp;<\/p>\n\n\n\n<p>Ici, tout respire la l\u00e9g\u00e8ret\u00e9. L\u2019atmosph\u00e8re est <strong>estivale<\/strong>, presque apaisante, comme si le soleil avait laiss\u00e9 sa marque sur les murs, les mat\u00e9riaux, les textures. Vous retrouvez une chaleur qui invite \u00e0 la d\u00e9tente, au l\u00e2cher-prise.<\/p>\n\n\n\n<p>Dans ce d\u00e9cor, rien n\u2019est superflu. Les meubles se parent de lignes \u00e9pur\u00e9es, discr\u00e8tes mais raffin\u00e9es, pour laisser la place \u00e0 l\u2019essentiel : le confort et la s\u00e9r\u00e9nit\u00e9. Chaque \u00e9l\u00e9ment, qu\u2019il s\u2019agisse d\u2019une vasque en c\u00e9ramique ou d\u2019un meuble suspendu en bois clair, semble pens\u00e9 pour s\u2019int\u00e9grer avec d\u00e9licatesse dans ce tableau vivant, o\u00f9 la nature est omnipr\u00e9sente.<\/p>\n\n\n\n<div style=\"height:20px\" aria-hidden=\"true\" class=\"wp-block-spacer\"><\/div>\n\n\n\n<h2 class=\"wp-block-heading\">Quels mat\u00e9riaux pour une salle de bain m\u00e9diterran\u00e9enne ?<\/h2>\n\n\n\n<p>Dans une salle de bain m\u00e9diterran\u00e9enne, les choix de mat\u00e9riaux ne sont pas anodins. Les mati\u00e8res sont id\u00e9alement brutes et naturelles.<\/p>\n\n\n\n<ul class=\"wp-block-list\">\n<li><strong>Le bois<\/strong> : ce mat\u00e9riau incarne la chaleur et le charme m\u00e9diterran\u00e9en. Des essences claires comme le pin ou le bouleau apportent une luminosit\u00e9 naturelle, tandis que le ch\u00eane, l\u00e9g\u00e8rement plus sombre, ajoute une touche d\u2019\u00e9l\u00e9gance.<\/li>\n\n\n\n<li><strong>La pierre naturelle<\/strong> : le travertin, avec ses teintes douces allant du beige au noisette, ou le terrazzo aux nuances bleut\u00e9es, \u00e9voque les falaises et les rivages m\u00e9diterran\u00e9ens. Si vous cherchez une alternative plus accessible, le gr\u00e8s c\u00e9rame imitation pierre s\u2019int\u00e8gre parfaitement tout en respectant votre budget.<\/li>\n\n\n\n<li><strong>La terre cuite<\/strong> : avec ses tons chauds \u2013 ocre, rouge, jaune \u2013 et son aspect artisanal, elle donne du caract\u00e8re \u00e0 vos sols, cr\u00e9dences ou m\u00eame \u00e0 de petites d\u00e9corations.<\/li>\n\n\n\n<li><strong>Les textiles naturels<\/strong> : un rideau en lin l\u00e9ger, des tapis moelleux en coton, des serviettes douces\u2026 Ces mati\u00e8res apportent une touche de confort et de raffinement. Elles s\u2019inscrivent parfaitement dans cet esprit nature et authentique.<\/li>\n\n\n\n<li><strong>Le rotin <\/strong>: il est parfait pour des meubles ou des accessoires et la c\u00e9ramique.<\/li>\n\n\n\n<li><strong>La vasque en c\u00e9ramique<\/strong> : elle vient compl\u00e9ter ce tableau m\u00e9diterran\u00e9en.<\/li>\n<\/ul>\n\n\n\n<div style=\"height:20px\" aria-hidden=\"true\" class=\"wp-block-spacer\"><\/div>\n\n\n\n<figure class=\"wp-block-image size-large has-custom-border\"><img loading=\"lazy\" decoding=\"async\" width=\"1024\" height=\"555\" src=\"https:\/\/cuisinesomega.fr\/tendances\/wp-content\/uploads\/2025\/01\/salle-bain-style-mediterrannen-couleur-terre-1024x555.webp\" alt=\"Salle de bain terreuse style m\u00e9diterran\u00e9en\" class=\"wp-image-1035\" style=\"border-radius:10px\" srcset=\"https:\/\/cuisinesomega.fr\/tendances\/wp-content\/uploads\/2025\/01\/salle-bain-style-mediterrannen-couleur-terre-1024x555.webp 1024w, https:\/\/cuisinesomega.fr\/tendances\/wp-content\/uploads\/2025\/01\/salle-bain-style-mediterrannen-couleur-terre-300x163.webp 300w, https:\/\/cuisinesomega.fr\/tendances\/wp-content\/uploads\/2025\/01\/salle-bain-style-mediterrannen-couleur-terre-768x416.webp 768w, https:\/\/cuisinesomega.fr\/tendances\/wp-content\/uploads\/2025\/01\/salle-bain-style-mediterrannen-couleur-terre.webp 1200w\" sizes=\"auto, (max-width: 1024px) 100vw, 1024px\" \/><\/figure>\n\n\n\n<div style=\"height:20px\" aria-hidden=\"true\" class=\"wp-block-spacer\"><\/div>\n\n\n\n<h2 class=\"wp-block-heading\">Des couleurs m\u00e9diterran\u00e9ennes<\/h2>\n\n\n\n<p>Les couleurs m\u00e9diterran\u00e9ennes, c\u2019est une palette qui respire la mer, le soleil et la terre. Elles enveloppent votre salle de bain d\u2019une ambiance lumineuse et apaisante.<\/p>\n\n\n\n<p>Le <strong>blanc<\/strong>, omnipr\u00e9sent, rappelle les fa\u00e7ades \u00e9clatantes <strong>des villages grecs,<\/strong> frapp\u00e9es par les rayons du soleil. Il offre une base douce et lumineuse, parfaite pour agrandir l\u2019espace et mettre en valeur les mat\u00e9riaux naturels. Associ\u00e9 au <strong>bleu <\/strong>\u2013 qu\u2019il soit azur ou turquoise \u2013 il \u00e9voque imm\u00e9diatement l\u2019eau cristalline de la M\u00e9diterran\u00e9e. Ce duo intemporel est une v\u00e9ritable invitation au voyage.<\/p>\n\n\n\n<p>Le vert, inspir\u00e9 des oliviers et des cypr\u00e8s, s\u2019invite \u00e9galement dans cette palette. Qu\u2019il s\u2019agisse d\u2019un <strong>vert olive, vert sauge ou d\u2019un vert \u00e9meraude<\/strong>, il trouve parfaitement sa place, renfor\u00e7ant l\u2019aspect nature et serein de la pi\u00e8ce.<\/p>\n\n\n\n<p>Les <strong>tons terreux<\/strong>, eux, apportent une chaleur incomparable. Terracotta, sable ou beige rappellent les plages et les paysages arides baign\u00e9s de lumi\u00e8re. Ces teintes se marient harmonieusement avec la pierre naturelle et le bois.<\/p>\n\n\n\n<p>Pour une touche plus vive, des accents <strong>de jaune ou d\u2019orang\u00e9<\/strong> peuvent dynamiser l\u2019ensemble, tout en restant dans l\u2019esprit m\u00e9diterran\u00e9en. Ces nuances solaires \u00e9voquent les march\u00e9s color\u00e9s et la richesse des paysages m\u00e9ridionaux.&nbsp;<\/p>\n\n\n\n<p>Et pour finir, un gris subtil, <strong>inspir\u00e9 des galets<\/strong>, peut offrir une note \u00e9l\u00e9gante et discr\u00e8te, compl\u00e9tant \u00e0 merveille cette harmonie de teintes naturelles.<\/p>\n\n\n\n<div style=\"height:20px\" aria-hidden=\"true\" class=\"wp-block-spacer\"><\/div>\n\n\n\n<div class=\"wp-block-group lead-magnet-cuisine has-background has-global-padding\" style=\"border-radius:12px;background-color:#2626267a;background-image:url(&apos;https:\/\/cuisinesomega.fr\/tendances\/wp-content\/uploads\/2024\/04\/a633f40f-3ec0-45b6-b556-993875db319f.webp&apos;);background-size:cover;\"><div class=\"wp-block-group__inner-container is-layout-constrained wp-block-group-is-layout-constrained\">\n<div class=\"wp-block-columns has-background is-layout-flex wp-container-core-columns-is-layout-0d2466c3 wp-block-columns-is-layout-flex\" style=\"border-radius:12px;background-color:#262626;padding-top:var(--wp--preset--spacing--20);padding-right:var(--wp--preset--spacing--20);padding-bottom:var(--wp--preset--spacing--20);padding-left:var(--wp--preset--spacing--20)\">\n<div class=\"wp-block-column is-vertically-aligned-center is-layout-flow wp-block-column-is-layout-flow\" style=\"padding-right:0;flex-basis:26.5%\">\n<figure class=\"wp-block-image size-full is-resized\"><img loading=\"lazy\" decoding=\"async\" width=\"418\" height=\"734\" src=\"https:\/\/cuisinesomega.fr\/tendances\/wp-content\/uploads\/2024\/06\/Guide-salle-bain-cuisinesomega.png\" alt=\"\" class=\"wp-image-481\" style=\"width:167px;height:auto\" srcset=\"https:\/\/cuisinesomega.fr\/tendances\/wp-content\/uploads\/2024\/06\/Guide-salle-bain-cuisinesomega.png 418w, https:\/\/cuisinesomega.fr\/tendances\/wp-content\/uploads\/2024\/06\/Guide-salle-bain-cuisinesomega-171x300.png 171w\" sizes=\"auto, (max-width: 418px) 100vw, 418px\" \/><\/figure>\n<\/div>\n\n\n\n<div class=\"wp-block-column is-vertically-aligned-center is-layout-flow wp-block-column-is-layout-flow\">\n<p class=\"lead-magnet-title has-base-2-color has-text-color has-link-color wp-elements-8a3a7df4f3d7d8fac39d23f988acae4c\" style=\"font-size:clamp(16.293px, 1.018rem + ((1vw - 3.2px) * 0.907), 25px);font-style:normal;font-weight:600\">T\u00e9l\u00e9charger notre guide pour r\u00e9ussir la r\u00e9novation de votre salle de bain.<\/p>\n\n\n\n<div class=\"wp-block-buttons is-content-justification-left is-layout-flex wp-container-core-buttons-is-layout-fc4fd283 wp-block-buttons-is-layout-flex\">\n<div class=\"wp-block-button cta-button\" style=\"font-style:normal;font-weight:600\"><a class=\"wp-block-button__link has-text-color has-background has-link-color wp-element-button\" href=\"https:\/\/cuisinesomega.fr\/tendances\/formulaire-salle-de-bain\" style=\"color:#262626;background-color:#f6c142\">D\u00e9couvrir<\/a><\/div>\n<\/div>\n<\/div>\n<\/div>\n<\/div><\/div>\n\n\n\n<div style=\"height:20px\" aria-hidden=\"true\" class=\"wp-block-spacer\"><\/div>\n\n\n\n<h2 class=\"wp-block-heading\">Quel mobilier adapt\u00e9 au style m\u00e9diterran\u00e9en ?<\/h2>\n\n\n\n<p>Le mobilier m\u00e9diterran\u00e9en raconte une histoire de simplicit\u00e9 \u00e9l\u00e9gante et de confort naturel. Chaque pi\u00e8ce semble avoir \u00e9t\u00e9 pens\u00e9e pour s\u2019int\u00e9grer avec douceur dans un univers baign\u00e9 de lumi\u00e8re et de s\u00e9r\u00e9nit\u00e9. Les lignes \u00e9pur\u00e9es et les courbes d\u00e9licates des meubles rappellent le souffle du vent sur les collines toscanes ou la douceur des vagues contre les falaises grecques.<\/p>\n\n\n\n<div class=\"wp-block-columns are-vertically-aligned-center is-layout-flex wp-container-core-columns-is-layout-28f84493 wp-block-columns-is-layout-flex\">\n<div class=\"wp-block-column is-vertically-aligned-center is-layout-flow wp-block-column-is-layout-flow\">\n<p>Un <strong>meuble vasque en bois clai<\/strong>r ou en osier apporte cette chaleur discr\u00e8te qui fait \u00e9cho \u00e0 la nature environnante. <strong>Suspendu au mur<\/strong>, il lib\u00e8re l\u2019espace au sol, cr\u00e9ant une sensation d\u2019ouverture et de l\u00e9g\u00e8ret\u00e9. Ce choix n\u2019est pas uniquement esth\u00e9tique : il invite \u00e0 respirer pleinement, \u00e0 profiter d\u2019un cadre plus serein.<\/p>\n\n\n\n<p>Dans cet univers, tout se joue dans l\u2019\u00e9quilibre. Les mat\u00e9riaux naturels comme le bois trouvent leur juste place, <strong>associ\u00e9s \u00e0 des touches d\u2019osier ou de rotin<\/strong>, pour accentuer l\u2019authenticit\u00e9. Ces meubles ne sont pas l\u00e0 pour impressionner par leur extravagance, mais pour offrir un cadre accueillant, o\u00f9 la fonctionnalit\u00e9 se m\u00eale harmonieusement \u00e0 la beaut\u00e9.<\/p>\n<\/div>\n\n\n\n<div class=\"wp-block-column is-vertically-aligned-center is-layout-flow wp-block-column-is-layout-flow\">\n<figure class=\"wp-block-image size-full has-custom-border\"><img loading=\"lazy\" decoding=\"async\" width=\"491\" height=\"600\" src=\"https:\/\/cuisinesomega.fr\/tendances\/wp-content\/uploads\/2025\/01\/salle-bain-inspiree-du-sud.webp\" alt=\"salle de bain inspir\u00e9e du Sud\" class=\"wp-image-1036\" style=\"border-radius:10px\" srcset=\"https:\/\/cuisinesomega.fr\/tendances\/wp-content\/uploads\/2025\/01\/salle-bain-inspiree-du-sud.webp 491w, https:\/\/cuisinesomega.fr\/tendances\/wp-content\/uploads\/2025\/01\/salle-bain-inspiree-du-sud-246x300.webp 246w\" sizes=\"auto, (max-width: 491px) 100vw, 491px\" \/><\/figure>\n<\/div>\n<\/div>\n\n\n\n<div style=\"height:20px\" aria-hidden=\"true\" class=\"wp-block-spacer\"><\/div>\n\n\n\n<h2 class=\"wp-block-heading\">Des \u00e9l\u00e9ments de d\u00e9coration authentiques<\/h2>\n\n\n\n<p>Pour <a href=\"https:\/\/cuisinesomega.fr\/amenagements-interieurs\/salles-de-bain\" data-type=\"link\" data-id=\"https:\/\/cuisinesomega.fr\/amenagements-interieurs\/salles-de-bain\">l'am\u00e9nagement d'une salle de bain<\/a> \u00e0 l'esprit m\u00e9diterran\u00e9enne, la d\u00e9coration apporte ces petits d\u00e9tails qui, ensemble, insufflent une ambiance chaleureuse et authentique, comme si le soleil et la mer s\u2019\u00e9taient invit\u00e9s chez vous.<\/p>\n\n\n\n<ul class=\"wp-block-list\">\n<li><strong>Plantes m\u00e9diterran\u00e9ennes<\/strong> : lavande, romarin ou encore un petit citronnier en pot\u00a0 embaument votre espace d\u2019un parfum naturel et apaisant. Un bouquet de fleurs s\u00e9ch\u00e9es, comme la lavande, compl\u00e8te \u00e0 merveille cette touche v\u00e9g\u00e9tale.<\/li>\n\n\n\n<li><strong>Paniers en fibres naturelles<\/strong> : pratiques et \u00e9l\u00e9gants, ils deviennent de parfaits alli\u00e9s pour ranger vos serviettes ou accessoires tout en renfor\u00e7ant l\u2019aspect authentique.<\/li>\n\n\n\n<li><strong>Lampes en c\u00e9ramique<\/strong> : elles diffusent une lumi\u00e8re douce et enveloppante, cr\u00e9ant une atmosph\u00e8re propice \u00e0 la d\u00e9tente, comme une soir\u00e9e d\u2019\u00e9t\u00e9 en M\u00e9diterran\u00e9e.<\/li>\n\n\n\n<li><strong>Bocaux en verre teint\u00e9 <\/strong>: ces objets d\u00e9licats apportent une note vintage, \u00e9voquant les \u00e9tals des march\u00e9s proven\u00e7aux.<\/li>\n\n\n\n<li><strong>Accessoires en bois flott\u00e9<\/strong> : ces \u00e9l\u00e9ments uniques et \u00e9cologiques rappellent les plages et les rivages, parfaits pour une d\u00e9coration \u00e0 la fois simple et raffin\u00e9e.<\/li>\n\n\n\n<li><strong>Poteries et vases d\u00e9coratifs<\/strong> : une jarre en terre cuite ou un vase orn\u00e9 de motifs artisanaux peut transformer un coin de la pi\u00e8ce en v\u00e9ritable tableau m\u00e9diterran\u00e9en.<\/li>\n\n\n\n<li><strong>Textiles l\u00e9gers et naturels<\/strong> : rideaux en lin, tapis en coton ou serviettes d\u00e9licates\u2026 Ces mati\u00e8res renforcent une ambiance zen et naturelle, tout en offrant douceur et confort.<\/li>\n<\/ul>\n\n\n\n<div style=\"height:20px\" aria-hidden=\"true\" class=\"wp-block-spacer\"><\/div>\n\n\n\n<h2 class=\"wp-block-heading\">Maximiser la lumi\u00e8re<\/h2>\n\n\n\n<p>La lumi\u00e8re est une v\u00e9ritable signature. Elle joue avec les volumes, sublime les mat\u00e9riaux et insuffle une sensation d\u2019espace et de s\u00e9r\u00e9nit\u00e9. Les grandes ouvertures, comme des fen\u00eatres ou des baies vitr\u00e9es, laissent entrer cette lumi\u00e8re naturelle si caract\u00e9ristique <strong>des r\u00e9gions ensoleill\u00e9es<\/strong>.&nbsp;<\/p>\n\n\n\n<p>Elle \u00e9claire les nuances du travertin, fait vibrer le bleu azur des murs ou encore met en valeur la texture du bois. Et lorsque le soleil se fait discret, des <strong>luminaires <\/strong>bien choisis prennent le relais. Une applique murale diffuse une lumi\u00e8re douce, tandis qu\u2019un lustre aux lignes \u00e9l\u00e9gantes apporte une touche de raffinement. Pour intensifier cette clart\u00e9, les miroirs jouent un r\u00f4le cl\u00e9. Plac\u00e9s strat\u00e9giquement, ils captent chaque \u00e9clat pour le <strong>redistribuer<\/strong> dans toute la pi\u00e8ce, amplifiant l\u2019effet d\u2019ouverture et de luminosit\u00e9. Leur cadre en fer forg\u00e9 ou en bois, fid\u00e8le \u00e0 l\u2019esprit m\u00e9diterran\u00e9en, ajoute une note d\u00e9corative pleine de charme.<\/p>\n\n\n\n<div style=\"height:20px\" aria-hidden=\"true\" class=\"wp-block-spacer\"><\/div>\n\n\n\n<p class=\"has-large-font-size\">D'autres styles de salle de bain \u00e0 d\u00e9couvrir :<\/p>\n\n\n\n<ul class=\"wp-block-list\">\n<li><a href=\"https:\/\/cuisinesomega.fr\/tendances\/comment-creer-salle-bain-cocooning-chaleureuse\">Comment cr\u00e9er une salle de bain cocooning et chaleureuse ?<\/a><\/li>\n\n\n\n<li><a href=\"https:\/\/cuisinesomega.fr\/tendances\/comment-amenager-salle-bain-luxe\">Comment am\u00e9nager une salle de bain de luxe ?<\/a><\/li>\n\n\n\n<li><a href=\"https:\/\/cuisinesomega.fr\/tendances\/salle-de-bain-nature-meilleures-idees-deco\">Salle de bain style nature : nos meilleures id\u00e9es d\u00e9co<\/a><\/li>\n\n\n\n<li><a href=\"https:\/\/cuisinesomega.fr\/tendances\/amenager-salle-de-bain-style-atelier\" data-type=\"post\" data-id=\"909\">Comment am\u00e9nager une salle de bain style atelier ?<\/a><\/li>\n\n\n\n<li><a href=\"https:\/\/cuisinesomega.fr\/tendances\/salle-de-bain-nature-meilleures-idees-deco\" data-type=\"post\" data-id=\"818\">Salle de bain style nature : nos meilleures id\u00e9es d\u00e9co<\/a><\/li>\n<\/ul>\n","protected":false},"excerpt":{"rendered":"<p>Le style m\u00e9diterran\u00e9en, c\u2019est un souffle de vacances qui traverse votre int\u00e9rieur, une ambiance chaleureuse et lumineuse inspir\u00e9e des paysages baign\u00e9s de soleil. Cr\u00e9er une salle de bain dans cet esprit, c\u2019est offrir \u00e0 votre quotidien une parenth\u00e8se o\u00f9 le calme et l\u2019\u00e9l\u00e9gance s\u2019entrelacent.&nbsp; Quels choix de mat\u00e9riaux, de couleurs et de mobilier permettent de [&hellip;]<\/p>\n","protected":false},"author":4,"featured_media":1033,"comment_status":"closed","ping_status":"open","sticky":false,"template":"","format":"standard","meta":{"footnotes":""},"categories":[2],"tags":[],"class_list":["post-1031","post","type-post","status-publish","format-standard","has-post-thumbnail","hentry","category-salle-de-bain"],"_links":{"self":[{"href":"https:\/\/cuisinesomega.fr\/tendances\/wp-json\/wp\/v2\/posts\/1031","targetHints":{"allow":["GET"]}}],"collection":[{"href":"https:\/\/cuisinesomega.fr\/tendances\/wp-json\/wp\/v2\/posts"}],"about":[{"href":"https:\/\/cuisinesomega.fr\/tendances\/wp-json\/wp\/v2\/types\/post"}],"author":[{"embeddable":true,"href":"https:\/\/cuisinesomega.fr\/tendances\/wp-json\/wp\/v2\/users\/4"}],"replies":[{"embeddable":true,"href":"https:\/\/cuisinesomega.fr\/tendances\/wp-json\/wp\/v2\/comments?post=1031"}],"version-history":[{"count":4,"href":"https:\/\/cuisinesomega.fr\/tendances\/wp-json\/wp\/v2\/posts\/1031\/revisions"}],"predecessor-version":[{"id":1038,"href":"https:\/\/cuisinesomega.fr\/tendances\/wp-json\/wp\/v2\/posts\/1031\/revisions\/1038"}],"wp:featuredmedia":[{"embeddable":true,"href":"https:\/\/cuisinesomega.fr\/tendances\/wp-json\/wp\/v2\/media\/1033"}],"wp:attachment":[{"href":"https:\/\/cuisinesomega.fr\/tendances\/wp-json\/wp\/v2\/media?parent=1031"}],"wp:term":[{"taxonomy":"category","embeddable":true,"href":"https:\/\/cuisinesomega.fr\/tendances\/wp-json\/wp\/v2\/categories?post=1031"},{"taxonomy":"post_tag","embeddable":true,"href":"https:\/\/cuisinesomega.fr\/tendances\/wp-json\/wp\/v2\/tags?post=1031"}],"curies":[{"name":"wp","href":"https:\/\/api.w.org\/{rel}","templated":true}]}}